{"id":296,"date":"2023-03-31T23:26:59","date_gmt":"2023-03-31T21:26:59","guid":{"rendered":"http:\/\/zwickelsdorfer.at\/?p=296"},"modified":"2023-04-01T23:45:09","modified_gmt":"2023-04-01T21:45:09","slug":"direktwahl-des-spoe-bundesparteivorsitzes-durch-die-parteimitglieder","status":"publish","type":"post","link":"http:\/\/zwickelsdorfer.at\/?p=296","title":{"rendered":"Direktwahl des SP\u00d6-Bundesparteivorsitzes durch die Parteimitglieder"},"content":{"rendered":"\n<figure class=\"wp-block-gallery has-nested-images columns-default is-cropped wp-block-gallery-1 is-layout-flex wp-block-gallery-is-layout-flex\">\n<figure class=\"wp-block-image size-large\"><a href=\"http:\/\/zwickelsdorfer.at\/wp-content\/uploads\/2023\/03\/336170029_529987185945196_4220339380236765037_n-1.png\"><img loading=\"lazy\" decoding=\"async\" width=\"1024\" height=\"1024\" data-id=\"297\" src=\"http:\/\/zwickelsdorfer.at\/wp-content\/uploads\/2023\/03\/336170029_529987185945196_4220339380236765037_n-1-1024x1024.png\" alt=\"\" class=\"wp-image-297\" srcset=\"http:\/\/zwickelsdorfer.at\/wp-content\/uploads\/2023\/03\/336170029_529987185945196_4220339380236765037_n-1-1024x1024.png 1024w, http:\/\/zwickelsdorfer.at\/wp-content\/uploads\/2023\/03\/336170029_529987185945196_4220339380236765037_n-1-300x300.png 300w, http:\/\/zwickelsdorfer.at\/wp-content\/uploads\/2023\/03\/336170029_529987185945196_4220339380236765037_n-1-150x150.png 150w, http:\/\/zwickelsdorfer.at\/wp-content\/uploads\/2023\/03\/336170029_529987185945196_4220339380236765037_n-1-768x768.png 768w, http:\/\/zwickelsdorfer.at\/wp-content\/uploads\/2023\/03\/336170029_529987185945196_4220339380236765037_n-1-800x800.png 800w, http:\/\/zwickelsdorfer.at\/wp-content\/uploads\/2023\/03\/336170029_529987185945196_4220339380236765037_n-1.png 1080w\" sizes=\"auto, (max-width: 1024px) 100vw, 1024px\" \/><\/a><\/figure>\n<\/figure>\n\n\n\n<p>Die SP\u00d6 befragt ihre Mitglieder zu den KandidatInnen f\u00fcr den SP\u00d6-Bundesvorsitz. Gemeinsam mit Lea Six und Dominik Roth habe ich ein Konzept f\u00fcr eine echte Vorsitzwahl verfasst. Darin schlagen wir vor, dass der oder die SP\u00d6-Bundesvorsitzenden nach einem Pr\u00e4ferenzwahlverfahren (instant-runoff voting, Wahl mit integrierter Stichwahl) gew\u00e4hlt wird. Dabei werden die KandidatInnen gereiht. Die schw\u00e4cheren KandidatInnen scheiden nach und nach aus. Ihre Pr\u00e4ferenzen werden auf die aussichtreicheren KandidatInnen verteilt bis nur noch eine Person als Sieger oder Siegerin \u00fcbrig bleibt. Eine Stichwahl ist nicht erforderlich. Ein Wahlgang ist ausreichend um einen oder eine von der absoluten Mehrheit der W\u00e4hlenden pr\u00e4ferierten Kandidaten oder pr\u00e4ferierte Kandidatin zu w\u00e4hlen.<\/p>\n\n\n\n<p>Mehr Informationen findet man auf dieser Webseite: https:\/\/vorsitzwahl.at\/2023\/<\/p>\n\n\n\n<div data-wp-interactive=\"core\/file\" class=\"wp-block-file\"><object data-wp-bind--hidden=\"!state.hasPdfPreview\" hidden class=\"wp-block-file__embed\" data=\"http:\/\/zwickelsdorfer.at\/wp-content\/uploads\/2023\/03\/2023-03-Vorsitzwahlkonzept-Sektion-8.pdf\" type=\"application\/pdf\" style=\"width:100%;height:600px\" aria-label=\"Einbettung von Einbettung von 2023-03 Vorsitzwahlkonzept-Sektion-8..\"><\/object><a id=\"wp-block-file--media-46d22ec3-91d3-49bf-9b6f-407b1bf3c461\" href=\"http:\/\/zwickelsdorfer.at\/wp-content\/uploads\/2023\/03\/2023-03-Vorsitzwahlkonzept-Sektion-8.pdf\">2023-03 Vorsitzwahlkonzept-Sektion-8<\/a><a href=\"http:\/\/zwickelsdorfer.at\/wp-content\/uploads\/2023\/03\/2023-03-Vorsitzwahlkonzept-Sektion-8.pdf\" class=\"wp-block-file__button\" download aria-describedby=\"wp-block-file--media-46d22ec3-91d3-49bf-9b6f-407b1bf3c461\">Herunterladen<\/a><\/div>\n\n\n\n<figure class=\"wp-block-image size-large\"><a href=\"http:\/\/zwickelsdorfer.at\/wp-content\/uploads\/2023\/03\/FsJsjlEWYAEmcdm.jpg\"><img loading=\"lazy\" decoding=\"async\" width=\"1024\" height=\"1024\" src=\"http:\/\/zwickelsdorfer.at\/wp-content\/uploads\/2023\/03\/FsJsjlEWYAEmcdm-1024x1024.jpg\" alt=\"\" class=\"wp-image-299\" srcset=\"http:\/\/zwickelsdorfer.at\/wp-content\/uploads\/2023\/03\/FsJsjlEWYAEmcdm-1024x1024.jpg 1024w, http:\/\/zwickelsdorfer.at\/wp-content\/uploads\/2023\/03\/FsJsjlEWYAEmcdm-300x300.jpg 300w, http:\/\/zwickelsdorfer.at\/wp-content\/uploads\/2023\/03\/FsJsjlEWYAEmcdm-150x150.jpg 150w, http:\/\/zwickelsdorfer.at\/wp-content\/uploads\/2023\/03\/FsJsjlEWYAEmcdm-768x768.jpg 768w, http:\/\/zwickelsdorfer.at\/wp-content\/uploads\/2023\/03\/FsJsjlEWYAEmcdm-800x800.jpg 800w, http:\/\/zwickelsdorfer.at\/wp-content\/uploads\/2023\/03\/FsJsjlEWYAEmcdm.jpg 1080w\" sizes=\"auto, (max-width: 1024px) 100vw, 1024px\" \/><\/a><\/figure>\n","protected":false},"excerpt":{"rendered":"<p>Die SP\u00d6 befragt ihre Mitglieder zu den KandidatInnen f\u00fcr den SP\u00d6-Bundesvorsitz. Gemeinsam mit Lea Six und Dominik Roth habe ich ein Konzept f\u00fcr eine echte Vorsitzwahl verfasst. Darin schlagen wir vor, dass der oder die SP\u00d6-Bundesvorsitzenden nach einem Pr\u00e4ferenzwahlverfahren (instant-runoff voting, Wahl mit integrierter Stichwahl) gew\u00e4hlt wird. Dabei werden die KandidatInnen gereiht. Die schw\u00e4cheren KandidatInnen&hellip;<\/p>\n","protected":false},"author":1,"featured_media":0,"comment_status":"open","ping_status":"open","sticky":false,"template":"","format":"standard","meta":{"_jetpack_memberships_contains_paid_content":false,"footnotes":""},"categories":[6,5,1,4],"tags":[],"class_list":["post-296","post","type-post","status-publish","format-standard","hentry","category-parteidemokratie","category-sozialdemokratie","category-allgemein","category-wahlsysteme"],"jetpack_featured_media_url":"","jetpack_sharing_enabled":true,"_links":{"self":[{"href":"http:\/\/zwickelsdorfer.at\/index.php?rest_route=\/wp\/v2\/posts\/296","targetHints":{"allow":["GET"]}}],"collection":[{"href":"http:\/\/zwickelsdorfer.at\/index.php?rest_route=\/wp\/v2\/posts"}],"about":[{"href":"http:\/\/zwickelsdorfer.at\/index.php?rest_route=\/wp\/v2\/types\/post"}],"author":[{"embeddable":true,"href":"http:\/\/zwickelsdorfer.at\/index.php?rest_route=\/wp\/v2\/users\/1"}],"replies":[{"embeddable":true,"href":"http:\/\/zwickelsdorfer.at\/index.php?rest_route=%2Fwp%2Fv2%2Fcomments&post=296"}],"version-history":[{"count":5,"href":"http:\/\/zwickelsdorfer.at\/index.php?rest_route=\/wp\/v2\/posts\/296\/revisions"}],"predecessor-version":[{"id":304,"href":"http:\/\/zwickelsdorfer.at\/index.php?rest_route=\/wp\/v2\/posts\/296\/revisions\/304"}],"wp:attachment":[{"href":"http:\/\/zwickelsdorfer.at\/index.php?rest_route=%2Fwp%2Fv2%2Fmedia&parent=296"}],"wp:term":[{"taxonomy":"category","embeddable":true,"href":"http:\/\/zwickelsdorfer.at\/index.php?rest_route=%2Fwp%2Fv2%2Fcategories&post=296"},{"taxonomy":"post_tag","embeddable":true,"href":"http:\/\/zwickelsdorfer.at\/index.php?rest_route=%2Fwp%2Fv2%2Ftags&post=296"}],"curies":[{"name":"wp","href":"https:\/\/api.w.org\/{rel}","templated":true}]}}